{"id":1172,"date":"2022-09-29T21:04:51","date_gmt":"2022-09-29T21:04:51","guid":{"rendered":"http:\/\/universisalcala.es\/?p=1172"},"modified":"2023-02-27T22:21:02","modified_gmt":"2023-02-27T22:21:02","slug":"libro-la-inmaculada-concepcion-en-alcala-de-henares","status":"publish","type":"post","link":"http:\/\/universisalcala.es\/index.php\/2022\/09\/29\/libro-la-inmaculada-concepcion-en-alcala-de-henares\/","title":{"rendered":"Reuni\u00f3n Ordinaria de UNIVERSIS (Febrero 2023)"},"content":{"rendered":"<style>.wp-block-kadence-column.kb-section-dir-horizontal > .kt-inside-inner-col > #kt-info-box_2a4361-7e .kt-blocks-info-box-link-wrap{max-width:unset;}#kt-info-box_2a4361-7e .kt-blocks-info-box-link-wrap{border-radius:20px;border-top-width:5px;border-right-width:5px;border-bottom-width:5px;border-left-width:5px;background:#ffffff;padding-top:24px;padding-right:24px;padding-bottom:24px;padding-left:24px;margin-top:50px;}#kt-info-box_2a4361-7e .kt-blocks-info-box-link-wrap:hover{background:#ffffff;}#kt-info-box_2a4361-7e .kadence-info-box-icon-container .kt-info-svg-icon, #kt-info-box_2a4361-7e .kt-info-svg-icon-flip, #kt-info-box_2a4361-7e .kt-blocks-info-box-number{font-size:50px;}#kt-info-box_2a4361-7e .kt-blocks-info-box-media{color:#444444;background:#ffffff;border-color:#eeeeee;border-radius:200px;overflow:hidden;border-top-width:5px;border-right-width:5px;border-bottom-width:5px;border-left-width:5px;padding-top:20px;padding-right:20px;padding-bottom:20px;padding-left:20px;}#kt-info-box_2a4361-7e .kt-blocks-info-box-media-container{margin-top:-75px;margin-right:0px;margin-bottom:20px;margin-left:0px;}#kt-info-box_2a4361-7e .kt-blocks-info-box-media .kadence-info-box-image-intrisic img{border-radius:200px;}#kt-info-box_2a4361-7e .kt-blocks-info-box-link-wrap:hover .kt-blocks-info-box-media{color:#444444;background:#ffffff;border-color:#eeeeee;}#kt-info-box_2a4361-7e .kt-infobox-textcontent h2.kt-blocks-info-box-title{padding-top:0px;padding-right:0px;padding-bottom:0px;padding-left:0px;margin-top:5px;margin-right:0px;margin-bottom:10px;margin-left:0px;}#kt-info-box_2a4361-7e .kt-blocks-info-box-learnmore{background:transparent;border-color:#e31b1b;font-size:131px;text-transform:none;font-weight:bold;border-width:7px 7px 7px 7px;padding-top:4px;padding-right:8px;padding-bottom:4px;padding-left:8px;margin-top:10px;margin-right:0px;margin-bottom:10px;margin-left:0px;}#kt-info-box_2a4361-7e .kt-blocks-info-box-link-wrap:hover .kt-blocks-info-box-learnmore,#kt-info-box_2a4361-7e .kt-blocks-info-box-link-wrap .kt-blocks-info-box-learnmore:focus{color:#ffffff;background:#444444;border-color:#444444;}#kt-info-box_2a4361-7e .kt-blocks-info-box-link-wrap{box-shadow:0px 0px 0px 0px rgba(0, 0, 0, 0);}#kt-info-box_2a4361-7e .kt-blocks-info-box-link-wrap:hover{box-shadow:0px 0px 14px 0px rgba(0, 0, 0, 0.2);}@media all and (max-width: 1024px){#kt-info-box_2a4361-7e .kt-blocks-info-box-link-wrap{box-shadow:0px 0px 0px 0px rgba(0, 0, 0, 0);}}@media all and (max-width: 1024px){#kt-info-box_2a4361-7e .kt-blocks-info-box-link-wrap:hover{box-shadow:0px 0px 14px 0px rgba(0, 0, 0, 0.2);}}@media all and (max-width: 767px){#kt-info-box_2a4361-7e .kt-blocks-info-box-link-wrap{box-shadow:0px 0px 0px 0px rgba(0, 0, 0, 0);}#kt-info-box_2a4361-7e .kt-blocks-info-box-link-wrap:hover{box-shadow:0px 0px 14px 0px rgba(0, 0, 0, 0.2);}}<\/style>\n<div id=\"kt-info-box_2a4361-7e\" class=\"wp-block-kadence-infobox .box{  background: #E4F0FC; margin: 1em 0px 1.5em; padding: 12px 10px 15px; color: #555; text-shadow: none; font-weight: bold; } .box i.fa{ #5999cf; color:#fff; padding:7px 8px 11px; border-radius:50%; a{ color:#5999cf !important} .box.red{ #FFD9C8; .box.red color:#E97373 #E97373; .box.green{ #edfcd5} .box.green color:#80b42b #80b42b;\"><a class=\"kt-blocks-info-box-link-wrap info-box-link kt-blocks-info-box-media-align-top kt-info-halign-left\" href=\"\"><div class=\"kt-blocks-info-box-media-container\"><div class=\"kt-blocks-info-box-media kt-info-media-animate-none\"><div class=\"kadence-info-box-icon-container kt-info-icon-animate-none\"><div class=\"kadence-info-box-icon-inner-container\"><span style=\"display:block;justify-content:center;align-items:center\" class=\"kt-info-svg-icon kt-info-svg-icon-fe_aperture\"><svg style=\"display:inline-block;vertical-align:middle\" viewBox=\"0 0 24 24\" height=\"50\" width=\"50\" fill=\"none\" stroke=\"currentColor\" xmlns=\"http:\/\/www.w3.org\/2000\/svg\" stroke-width=\"2\" stroke-linecap=\"round\" stroke-linejoin=\"round\" aria-hidden=\"true\"><circle cx=\"12\" cy=\"12\" r=\"10\"><\/circle><line x1=\"14.31\" y1=\"8\" x2=\"20.05\" y2=\"17.94\"><\/line><line x1=\"9.69\" y1=\"8\" x2=\"21.17\" y2=\"8\"><\/line><line x1=\"7.38\" y1=\"12\" x2=\"13.12\" y2=\"2.06\"><\/line><line x1=\"9.69\" y1=\"16\" x2=\"3.95\" y2=\"6.06\"><\/line><line x1=\"14.31\" y1=\"16\" x2=\"2.83\" y2=\"16\"><\/line><line x1=\"16.62\" y1=\"12\" x2=\"10.88\" y2=\"21.94\"><\/line><\/svg><\/span><\/div><\/div><\/div><\/div><div class=\"kt-infobox-textcontent\"><h2 class=\"kt-blocks-info-box-title\"><\/h2><p class=\"kt-blocks-info-box-text\">La Asociaci\u00f3n se ha reunido en el Colegio de San Ildefonso con sus socios el pasado viernes 24 de febrero para tratar la planificaci\u00f3n de las actividades de la Asociaci\u00f3n en el a\u00f1o en curso, retomar actividades frenadas por la pandemia y buscar nuevos horizontes patrimoniales. Son muchas las ideas que han aportado sus miembros entre ellas, algunas que afectan a como se plasma la memoria hist\u00f3rica en Alcal\u00e1 de Henares o generar nuevos ciclos de conferencias retomando figuras como la de Antonio de Nebrija poco resaltada en su efem\u00e9rides. Tambi\u00e9n se habl\u00f3 sobre las pr\u00f3ximas publicaciones de la Asociaci\u00f3n que tratar\u00e1n temas in\u00e9ditos de la ciudad, como los nuevos Itinerarios que de una manera divulgativa y acad\u00e9mica tratan aspectos in\u00e9ditos y de gran inter\u00e9s e invitan de manera amable al visitante a descubrir una nueva Alcal\u00e1 hasta ahora s\u00f3lo accesible a los eruditos. <\/p><\/div><\/a><\/div>\n\n\n\n<p><a href=\"https:\/\/www.buscalibre.cl\/libro-la-inmaculada-concepcion-en-alcala-de-henares\/9788415537120\/p\/35974508\" target=\"_blank\" rel=\"noreferrer noopener\">Leer M\u00e1s &gt;&gt;&gt;<\/a><\/p>\n","protected":false},"excerpt":{"rendered":"<p>Una interesant\u00edsima recopilaci\u00f3n de im\u00e1genes que constituyen el Cat\u00e1logo de todas las representaciones de la Inmaculada Concepci\u00f3n que pueden admirarse en el ampl\u00edsimo repertorio del patrimonio art\u00edstico existente en Alcal\u00e1 de Henares.<\/p>\n","protected":false},"author":1,"featured_media":1311,"comment_status":"closed","ping_status":"open","sticky":false,"template":"","format":"standard","meta":{"_EventAllDay":false,"_EventTimezone":"","_EventStartDate":"","_EventEndDate":"","_EventStartDateUTC":"","_EventEndDateUTC":"","_EventShowMap":false,"_EventShowMapLink":false,"_EventURL":"","_EventCost":"","_EventCostDescription":"","_EventCurrencySymbol":"","_EventCurrencyCode":"","_EventCurrencyPosition":"","_EventDateTimeSeparator":"","_EventTimeRangeSeparator":"","_EventOrganizerID":[],"_EventVenueID":[],"_OrganizerEmail":"","_OrganizerPhone":"","_OrganizerWebsite":"","_VenueAddress":"","_VenueCity":"","_VenueCountry":"","_VenueProvince":"","_VenueState":"","_VenueZip":"","_VenuePhone":"","_VenueURL":"","_VenueStateProvince":"","_VenueLat":"","_VenueLng":"","_VenueShowMap":false,"_VenueShowMapLink":false,"_kad_post_transparent":"","_kad_post_title":"","_kad_post_layout":"","_kad_post_sidebar_id":"","_kad_post_content_style":"","_kad_post_vertical_padding":"","_kad_post_feature":"","_kad_post_feature_position":"","_kad_post_header":false,"_kad_post_footer":false,"footnotes":""},"categories":[14],"tags":[],"class_list":["post-1172","post","type-post","status-publish","format-standard","has-post-thumbnail","hentry","category-noticias"],"_links":{"self":[{"href":"http:\/\/universisalcala.es\/index.php\/wp-json\/wp\/v2\/posts\/1172","targetHints":{"allow":["GET"]}}],"collection":[{"href":"http:\/\/universisalcala.es\/index.php\/wp-json\/wp\/v2\/posts"}],"about":[{"href":"http:\/\/universisalcala.es\/index.php\/wp-json\/wp\/v2\/types\/post"}],"author":[{"embeddable":true,"href":"http:\/\/universisalcala.es\/index.php\/wp-json\/wp\/v2\/users\/1"}],"replies":[{"embeddable":true,"href":"http:\/\/universisalcala.es\/index.php\/wp-json\/wp\/v2\/comments?post=1172"}],"version-history":[{"count":5,"href":"http:\/\/universisalcala.es\/index.php\/wp-json\/wp\/v2\/posts\/1172\/revisions"}],"predecessor-version":[{"id":1310,"href":"http:\/\/universisalcala.es\/index.php\/wp-json\/wp\/v2\/posts\/1172\/revisions\/1310"}],"wp:featuredmedia":[{"embeddable":true,"href":"http:\/\/universisalcala.es\/index.php\/wp-json\/wp\/v2\/media\/1311"}],"wp:attachment":[{"href":"http:\/\/universisalcala.es\/index.php\/wp-json\/wp\/v2\/media?parent=1172"}],"wp:term":[{"taxonomy":"category","embeddable":true,"href":"http:\/\/universisalcala.es\/index.php\/wp-json\/wp\/v2\/categories?post=1172"},{"taxonomy":"post_tag","embeddable":true,"href":"http:\/\/universisalcala.es\/index.php\/wp-json\/wp\/v2\/tags?post=1172"}],"curies":[{"name":"wp","href":"https:\/\/api.w.org\/{rel}","templated":true}]}}